{"id":6309,"date":"2023-10-09T21:59:03","date_gmt":"2023-10-09T19:59:03","guid":{"rendered":"https:\/\/www.ekovir.ee\/?p=6309"},"modified":"2023-10-09T22:03:03","modified_gmt":"2023-10-09T20:03:03","slug":"austatud-anija-valla-elanik-jaatmevaldaja","status":"publish","type":"post","link":"https:\/\/www.ekovir.ee\/index.php\/2023\/10\/09\/austatud-anija-valla-elanik-jaatmevaldaja\/","title":{"rendered":"Austatud Anija valla elanik, j\u00e4\u00e4tmevaldaja!"},"content":{"rendered":"<div id=\"seasidetms_row_\" class=\"seasidetms_row seasidetms_color_scheme_default seasidetms_row_top_default seasidetms_row_bot_default seasidetms_row_boxed\">\n<div class=\"seasidetms_row_outer_parent\">\n<div class=\"seasidetms_row_outer\">\n<div class=\"seasidetms_row_inner\">\n<div class=\"seasidetms_row_margin\">\n<\/div>\n<\/div>\n<\/div>\n<\/div>\n<\/div>\n<div id=\"seasidetms_column_\" class=\"seasidetms_column one_first\">\n<div class=\"seasidetms_column_inner\"><\/div><\/div>\n<div class=\"seasidetms_text\">\n<\/div>\n<\/p>\n<p>Teade bioj\u00e4\u00e4tmete \u00fcleandmise ja kompostimise n\u00f5ude osas<\/p>\n<p>K\u00f6\u00f6gi- ja s\u00f6\u00f6klaj\u00e4\u00e4tmete (ehk toiduj\u00e4\u00e4tmed) tekkekohal liigiti kogumine on kohustuslik k\u00f5ikidele j\u00e4\u00e4tmevaldajatele. Selleks tuleb k\u00f5ikidel j\u00e4\u00e4tmevaldajatel omada konteinerit k\u00f6\u00f6gi- ja s\u00f6\u00f6klaj\u00e4\u00e4tmete j\u00e4\u00e4tmevedajale \u00fcleandmiseks v\u00f5i asuda j\u00e4\u00e4tmeid oma kinnistul n\u00f5uetekohaselt kompostima. Konteineri saab osta v\u00f5i rentida j\u00e4\u00e4tmevedajalt, samuti on v\u00f5imalus osta sobiv, standardile vastav konteiner ka poest.<\/p>\n<p>Kui k\u00f6\u00f6gi- ja s\u00f6\u00f6klaj\u00e4\u00e4tmeid juba kompostitakse v\u00f5i alustatakse kompostimisega:<\/p>\n<p>&#8211; \u00a0siis peab e-posti teel esitama sellekohase teate Anija valla keskkonnaspetsialistile (<a href=\"mailto:evelin.kolbak@anija.ee\">evelin.kolbak@anija.ee<\/a>, +372 <strong>58\u00a0189\u00a0033<\/strong>).<\/p>\n<p>&#8211; \u00a0teate peab esitama hiljemalt <strong>31.12.2023<\/strong>.aastaks.<\/p>\n<p>Kui j\u00e4\u00e4tmevaldaja ei ole 31.12.2023.aastaks kompostimise teadet keskkonnaspetsialistile esitanud, siis t\u00e4hendab see seda, et j\u00e4\u00e4tmevedaja soovib anda k\u00f6\u00f6gi- ja s\u00f6\u00f6klaj\u00e4\u00e4tmeid konteineriga j\u00e4\u00e4tmevedajale \u00fcle. J\u00e4\u00e4tmevedaja v\u00e4ljastab k\u00f5ikidele sellistele j\u00e4\u00e4tmevaldajatele j\u00e4\u00e4tmete \u00e4raveo graafiku (1 x 14 p\u00e4eva jooksul).<\/p>\n<p>Kui j\u00e4\u00e4tmete \u00e4raveo p\u00e4eval selgub, et j\u00e4\u00e4tmete konteiner puudub v\u00f5i puudub sellele ligip\u00e4\u00e4s, siis esitab j\u00e4\u00e4tmevedaja t\u00fchis\u00f5idu arve. Kui j\u00e4\u00e4tmete konteiner puudub mitmel korral j\u00e4rjest, siis on vallavalitsusel \u00f5igus alustada antud j\u00e4\u00e4tmevaldaja osas j\u00e4relevalvemenetlust. Rahaline trahv j\u00e4\u00e4tmehoolduseeskirja n\u00f5uete rikkumise eest on kuni 200 trahvi\u00fchikut.<\/p>\n<p>J\u00e4\u00e4tmevaldaja, palun v\u00f5tta kasutusele sulle sobiv lahendus!<\/p>\n<p>Lisainfot k\u00f6\u00f6gi- ja s\u00f6\u00f6klaj\u00e4\u00e4tmete kogumise reeglite ja hindade osas leiate Anija valla kodulehelt.\u00a0 <a href=\"https:\/\/anija.ee\/\">https:\/\/anija.ee\/<\/a><\/p>\n<p><strong>\u00a0<\/strong><\/p>\n","protected":false},"excerpt":{"rendered":"<p>Teade bioj\u00e4\u00e4tmete \u00fcleandmise ja kompostimise n\u00f5ude osas K\u00f6\u00f6gi- ja s\u00f6\u00f6klaj\u00e4\u00e4tmete (ehk toiduj\u00e4\u00e4tmed) tekkekohal liigiti kogumine on kohustuslik k\u00f5ikidele j\u00e4\u00e4tmevaldajatele. Selleks tuleb k\u00f5ikidel j\u00e4\u00e4tmevaldajatel omada konteinerit k\u00f6\u00f6gi- ja s\u00f6\u00f6klaj\u00e4\u00e4tmete j\u00e4\u00e4tmevedajale \u00fcleandmiseks v\u00f5i asuda j\u00e4\u00e4tmeid oma kinnistul n\u00f5uetekohaselt kompostima. Konteineri saab osta v\u00f5i rentida j\u00e4\u00e4tmevedajalt, samuti on v\u00f5imalus osta sobiv, standardile vastav konteiner ka poest. Kui k\u00f6\u00f6gi-&#8230;<\/p>\n","protected":false},"author":1,"featured_media":6312,"comment_status":"closed","ping_status":"closed","sticky":false,"template":"","format":"standard","meta":[],"categories":[65],"tags":[],"yoast_head":"<!-- This site is optimized with the Yoast SEO plugin v18.6 - https:\/\/yoast.com\/wordpress\/plugins\/seo\/ -->\n<title>Austatud Anija valla elanik, j\u00e4\u00e4tmevaldaja! - Ekovir<\/title>\n<meta name=\"robots\" content=\"index, follow, max-snippet:-1, max-image-preview:large, max-video-preview:-1\" \/>\n<link rel=\"canonical\" href=\"https:\/\/www.ekovir.ee\/index.php\/2023\/10\/09\/austatud-anija-valla-elanik-jaatmevaldaja\/\" \/>\n<meta property=\"og:locale\" content=\"en_US\" \/>\n<meta property=\"og:type\" content=\"article\" \/>\n<meta property=\"og:title\" content=\"Austatud Anija valla elanik, j\u00e4\u00e4tmevaldaja! - Ekovir\" \/>\n<meta property=\"og:description\" content=\"Teade bioj\u00e4\u00e4tmete \u00fcleandmise ja kompostimise n\u00f5ude osas K\u00f6\u00f6gi- ja s\u00f6\u00f6klaj\u00e4\u00e4tmete (ehk toiduj\u00e4\u00e4tmed) tekkekohal liigiti kogumine on kohustuslik k\u00f5ikidele j\u00e4\u00e4tmevaldajatele. Selleks tuleb k\u00f5ikidel j\u00e4\u00e4tmevaldajatel omada konteinerit k\u00f6\u00f6gi- ja s\u00f6\u00f6klaj\u00e4\u00e4tmete j\u00e4\u00e4tmevedajale \u00fcleandmiseks v\u00f5i asuda j\u00e4\u00e4tmeid oma kinnistul n\u00f5uetekohaselt kompostima. Konteineri saab osta v\u00f5i rentida j\u00e4\u00e4tmevedajalt, samuti on v\u00f5imalus osta sobiv, standardile vastav konteiner ka poest. Kui k\u00f6\u00f6gi-...\" \/>\n<meta property=\"og:url\" content=\"https:\/\/www.ekovir.ee\/index.php\/2023\/10\/09\/austatud-anija-valla-elanik-jaatmevaldaja\/\" \/>\n<meta property=\"og:site_name\" content=\"Ekovir\" \/>\n<meta property=\"article:published_time\" content=\"2023-10-09T19:59:03+00:00\" \/>\n<meta property=\"article:modified_time\" content=\"2023-10-09T20:03:03+00:00\" \/>\n<meta property=\"og:image\" content=\"https:\/\/www.ekovir.ee\/wp-content\/uploads\/2023\/10\/anija.png\" \/>\n\t<meta property=\"og:image:width\" content=\"800\" \/>\n\t<meta property=\"og:image:height\" content=\"889\" \/>\n\t<meta property=\"og:image:type\" content=\"image\/png\" \/>\n<meta name=\"twitter:card\" content=\"summary_large_image\" \/>\n<meta name=\"twitter:label1\" content=\"Written by\" \/>\n\t<meta name=\"twitter:data1\" content=\"root\" \/>\n\t<meta name=\"twitter:label2\" content=\"Est. reading time\" \/>\n\t<meta name=\"twitter:data2\" content=\"1 minute\" \/>\n<script type=\"application\/ld+json\" class=\"yoast-schema-graph\">{\"@context\":\"https:\/\/schema.org\",\"@graph\":[{\"@type\":\"WebSite\",\"@id\":\"https:\/\/www.ekovir.ee\/#website\",\"url\":\"https:\/\/www.ekovir.ee\/\",\"name\":\"Ekovir\",\"description\":\"Ekovir\",\"potentialAction\":[{\"@type\":\"SearchAction\",\"target\":{\"@type\":\"EntryPoint\",\"urlTemplate\":\"https:\/\/www.ekovir.ee\/?s={search_term_string}\"},\"query-input\":\"required name=search_term_string\"}],\"inLanguage\":\"en-US\"},{\"@type\":\"ImageObject\",\"@id\":\"https:\/\/www.ekovir.ee\/index.php\/2023\/10\/09\/austatud-anija-valla-elanik-jaatmevaldaja\/#primaryimage\",\"inLanguage\":\"en-US\",\"url\":\"https:\/\/www.ekovir.ee\/wp-content\/uploads\/2023\/10\/anija.png\",\"contentUrl\":\"https:\/\/www.ekovir.ee\/wp-content\/uploads\/2023\/10\/anija.png\",\"width\":800,\"height\":889},{\"@type\":\"WebPage\",\"@id\":\"https:\/\/www.ekovir.ee\/index.php\/2023\/10\/09\/austatud-anija-valla-elanik-jaatmevaldaja\/#webpage\",\"url\":\"https:\/\/www.ekovir.ee\/index.php\/2023\/10\/09\/austatud-anija-valla-elanik-jaatmevaldaja\/\",\"name\":\"Austatud Anija valla elanik, j\u00e4\u00e4tmevaldaja! - Ekovir\",\"isPartOf\":{\"@id\":\"https:\/\/www.ekovir.ee\/#website\"},\"primaryImageOfPage\":{\"@id\":\"https:\/\/www.ekovir.ee\/index.php\/2023\/10\/09\/austatud-anija-valla-elanik-jaatmevaldaja\/#primaryimage\"},\"datePublished\":\"2023-10-09T19:59:03+00:00\",\"dateModified\":\"2023-10-09T20:03:03+00:00\",\"author\":{\"@id\":\"https:\/\/www.ekovir.ee\/#\/schema\/person\/7d5e6e33c0465fbbe020862d10f6907d\"},\"breadcrumb\":{\"@id\":\"https:\/\/www.ekovir.ee\/index.php\/2023\/10\/09\/austatud-anija-valla-elanik-jaatmevaldaja\/#breadcrumb\"},\"inLanguage\":\"en-US\",\"potentialAction\":[{\"@type\":\"ReadAction\",\"target\":[\"https:\/\/www.ekovir.ee\/index.php\/2023\/10\/09\/austatud-anija-valla-elanik-jaatmevaldaja\/\"]}]},{\"@type\":\"BreadcrumbList\",\"@id\":\"https:\/\/www.ekovir.ee\/index.php\/2023\/10\/09\/austatud-anija-valla-elanik-jaatmevaldaja\/#breadcrumb\",\"itemListElement\":[{\"@type\":\"ListItem\",\"position\":1,\"name\":\"Home\",\"item\":\"https:\/\/www.ekovir.ee\/\"},{\"@type\":\"ListItem\",\"position\":2,\"name\":\"Austatud Anija valla elanik, j\u00e4\u00e4tmevaldaja!\"}]},{\"@type\":\"Person\",\"@id\":\"https:\/\/www.ekovir.ee\/#\/schema\/person\/7d5e6e33c0465fbbe020862d10f6907d\",\"name\":\"root\",\"image\":{\"@type\":\"ImageObject\",\"@id\":\"https:\/\/www.ekovir.ee\/#personlogo\",\"inLanguage\":\"en-US\",\"url\":\"https:\/\/secure.gravatar.com\/avatar\/e1f0110b68554d40e3567d76bba67bc3?s=96&d=mm&r=g\",\"contentUrl\":\"https:\/\/secure.gravatar.com\/avatar\/e1f0110b68554d40e3567d76bba67bc3?s=96&d=mm&r=g\",\"caption\":\"root\"},\"sameAs\":[\"https:\/\/www.ekovir.ee\"],\"url\":\"https:\/\/www.ekovir.ee\/index.php\/author\/root\/\"}]}<\/script>\n<!-- \/ Yoast SEO plugin. -->","yoast_head_json":{"title":"Austatud Anija valla elanik, j\u00e4\u00e4tmevaldaja! - Ekovir","robots":{"index":"index","follow":"follow","max-snippet":"max-snippet:-1","max-image-preview":"max-image-preview:large","max-video-preview":"max-video-preview:-1"},"canonical":"https:\/\/www.ekovir.ee\/index.php\/2023\/10\/09\/austatud-anija-valla-elanik-jaatmevaldaja\/","og_locale":"en_US","og_type":"article","og_title":"Austatud Anija valla elanik, j\u00e4\u00e4tmevaldaja! - Ekovir","og_description":"Teade bioj\u00e4\u00e4tmete \u00fcleandmise ja kompostimise n\u00f5ude osas K\u00f6\u00f6gi- ja s\u00f6\u00f6klaj\u00e4\u00e4tmete (ehk toiduj\u00e4\u00e4tmed) tekkekohal liigiti kogumine on kohustuslik k\u00f5ikidele j\u00e4\u00e4tmevaldajatele. Selleks tuleb k\u00f5ikidel j\u00e4\u00e4tmevaldajatel omada konteinerit k\u00f6\u00f6gi- ja s\u00f6\u00f6klaj\u00e4\u00e4tmete j\u00e4\u00e4tmevedajale \u00fcleandmiseks v\u00f5i asuda j\u00e4\u00e4tmeid oma kinnistul n\u00f5uetekohaselt kompostima. Konteineri saab osta v\u00f5i rentida j\u00e4\u00e4tmevedajalt, samuti on v\u00f5imalus osta sobiv, standardile vastav konteiner ka poest. Kui k\u00f6\u00f6gi-...","og_url":"https:\/\/www.ekovir.ee\/index.php\/2023\/10\/09\/austatud-anija-valla-elanik-jaatmevaldaja\/","og_site_name":"Ekovir","article_published_time":"2023-10-09T19:59:03+00:00","article_modified_time":"2023-10-09T20:03:03+00:00","og_image":[{"width":800,"height":889,"url":"https:\/\/www.ekovir.ee\/wp-content\/uploads\/2023\/10\/anija.png","type":"image\/png"}],"twitter_card":"summary_large_image","twitter_misc":{"Written by":"root","Est. reading time":"1 minute"},"schema":{"@context":"https:\/\/schema.org","@graph":[{"@type":"WebSite","@id":"https:\/\/www.ekovir.ee\/#website","url":"https:\/\/www.ekovir.ee\/","name":"Ekovir","description":"Ekovir","potentialAction":[{"@type":"SearchAction","target":{"@type":"EntryPoint","urlTemplate":"https:\/\/www.ekovir.ee\/?s={search_term_string}"},"query-input":"required name=search_term_string"}],"inLanguage":"en-US"},{"@type":"ImageObject","@id":"https:\/\/www.ekovir.ee\/index.php\/2023\/10\/09\/austatud-anija-valla-elanik-jaatmevaldaja\/#primaryimage","inLanguage":"en-US","url":"https:\/\/www.ekovir.ee\/wp-content\/uploads\/2023\/10\/anija.png","contentUrl":"https:\/\/www.ekovir.ee\/wp-content\/uploads\/2023\/10\/anija.png","width":800,"height":889},{"@type":"WebPage","@id":"https:\/\/www.ekovir.ee\/index.php\/2023\/10\/09\/austatud-anija-valla-elanik-jaatmevaldaja\/#webpage","url":"https:\/\/www.ekovir.ee\/index.php\/2023\/10\/09\/austatud-anija-valla-elanik-jaatmevaldaja\/","name":"Austatud Anija valla elanik, j\u00e4\u00e4tmevaldaja! - Ekovir","isPartOf":{"@id":"https:\/\/www.ekovir.ee\/#website"},"primaryImageOfPage":{"@id":"https:\/\/www.ekovir.ee\/index.php\/2023\/10\/09\/austatud-anija-valla-elanik-jaatmevaldaja\/#primaryimage"},"datePublished":"2023-10-09T19:59:03+00:00","dateModified":"2023-10-09T20:03:03+00:00","author":{"@id":"https:\/\/www.ekovir.ee\/#\/schema\/person\/7d5e6e33c0465fbbe020862d10f6907d"},"breadcrumb":{"@id":"https:\/\/www.ekovir.ee\/index.php\/2023\/10\/09\/austatud-anija-valla-elanik-jaatmevaldaja\/#breadcrumb"},"inLanguage":"en-US","potentialAction":[{"@type":"ReadAction","target":["https:\/\/www.ekovir.ee\/index.php\/2023\/10\/09\/austatud-anija-valla-elanik-jaatmevaldaja\/"]}]},{"@type":"BreadcrumbList","@id":"https:\/\/www.ekovir.ee\/index.php\/2023\/10\/09\/austatud-anija-valla-elanik-jaatmevaldaja\/#breadcrumb","itemListElement":[{"@type":"ListItem","position":1,"name":"Home","item":"https:\/\/www.ekovir.ee\/"},{"@type":"ListItem","position":2,"name":"Austatud Anija valla elanik, j\u00e4\u00e4tmevaldaja!"}]},{"@type":"Person","@id":"https:\/\/www.ekovir.ee\/#\/schema\/person\/7d5e6e33c0465fbbe020862d10f6907d","name":"root","image":{"@type":"ImageObject","@id":"https:\/\/www.ekovir.ee\/#personlogo","inLanguage":"en-US","url":"https:\/\/secure.gravatar.com\/avatar\/e1f0110b68554d40e3567d76bba67bc3?s=96&d=mm&r=g","contentUrl":"https:\/\/secure.gravatar.com\/avatar\/e1f0110b68554d40e3567d76bba67bc3?s=96&d=mm&r=g","caption":"root"},"sameAs":["https:\/\/www.ekovir.ee"],"url":"https:\/\/www.ekovir.ee\/index.php\/author\/root\/"}]}},"_links":{"self":[{"href":"https:\/\/www.ekovir.ee\/index.php\/wp-json\/wp\/v2\/posts\/6309"}],"collection":[{"href":"https:\/\/www.ekovir.ee\/index.php\/wp-json\/wp\/v2\/posts"}],"about":[{"href":"https:\/\/www.ekovir.ee\/index.php\/wp-json\/wp\/v2\/types\/post"}],"author":[{"embeddable":true,"href":"https:\/\/www.ekovir.ee\/index.php\/wp-json\/wp\/v2\/users\/1"}],"replies":[{"embeddable":true,"href":"https:\/\/www.ekovir.ee\/index.php\/wp-json\/wp\/v2\/comments?post=6309"}],"version-history":[{"count":2,"href":"https:\/\/www.ekovir.ee\/index.php\/wp-json\/wp\/v2\/posts\/6309\/revisions"}],"predecessor-version":[{"id":6311,"href":"https:\/\/www.ekovir.ee\/index.php\/wp-json\/wp\/v2\/posts\/6309\/revisions\/6311"}],"wp:featuredmedia":[{"embeddable":true,"href":"https:\/\/www.ekovir.ee\/index.php\/wp-json\/wp\/v2\/media\/6312"}],"wp:attachment":[{"href":"https:\/\/www.ekovir.ee\/index.php\/wp-json\/wp\/v2\/media?parent=6309"}],"wp:term":[{"taxonomy":"category","embeddable":true,"href":"https:\/\/www.ekovir.ee\/index.php\/wp-json\/wp\/v2\/categories?post=6309"},{"taxonomy":"post_tag","embeddable":true,"href":"https:\/\/www.ekovir.ee\/index.php\/wp-json\/wp\/v2\/tags?post=6309"}],"curies":[{"name":"wp","href":"https:\/\/api.w.org\/{rel}","templated":true}]}}